{"id":540,"date":"2022-01-06T15:16:26","date_gmt":"2022-01-06T06:16:26","guid":{"rendered":"https:\/\/watvseminar.org\/source-of-life\/"},"modified":"2023-06-30T13:37:21","modified_gmt":"2023-06-30T04:37:21","slug":"source-of-life-in-the-universe","status":"publish","type":"post","link":"https:\/\/watvseminar.org\/pt-br\/source-of-life\/","title":{"rendered":"A Fonte da Vida no Universo e a Nossa M\u00e3e Celestial"},"content":{"rendered":"<div class=\"video\">\n<div class=\"video-embed\"><iframe loading=\"lazy\" id=\"introFrame\" src=\"https:\/\/player.vimeo.com\/video\/197154647?dnt=1&amp;app_id=122963\" width=\"100%\" height=\"100%\" frameborder=\"0\" allowfullscreen=\"allowfullscreen\"><\/iframe><\/div>\n<\/div>\n<p>Muitas pessoas pensam: \u201cA fonte da vida deve estar no espa\u00e7o exterior, n\u00e3o na Terra\u201d. Mas n\u00e3o foi poss\u00edvel encontrar nenhuma fonte de vida no universo.<\/p>\n<p>Ent\u00e3o, onde podemos encontrar a fonte da vida? Estudemos sobre isto detalhadamente atrav\u00e9s da ci\u00eancia e da B\u00edblia.<\/p>\n<h2>As pessoas acreditam na ci\u00eancia mais do que na B\u00edblia<\/h2>\n<p>Hoje em dia, as pessoas acreditam na ci\u00eancia mais do que na B\u00edblia. Atrav\u00e9s da ci\u00eancia, nosso entendimento dos processos da vida aumentou. Mas quanto mais compreendemos, \u00e9 natural nos questionar: Qual \u00e9 a origem da vida? Onde est\u00e1 a fonte da vida?<\/p>\n<p>De fato, muitas pessoas pensam que a vida deve ter vindo do espa\u00e7o exterior. Uma das raz\u00f5es por pensarem assim \u00e9 que n\u00e3o podemos recriar a vida aqui na Terra; os homens de muitos campos t\u00eam tentado de v\u00e1rias maneiras, mas foram incapazes de criar algo at\u00e9 este momento. Ent\u00e3o, eles chegaram a pensar que a vida deve ter vindo de algum lugar do universo.<\/p>\n<p>Vejamos um exemplo. As folhas de cada \u00e1rvore neste planeta, todos os dias fazem algo que n\u00f3s, como seres humanos, n\u00e3o podemos fazer, isto \u00e9, tomar uma mol\u00e9cula da atmosfera chamada di\u00f3xido de carbono. O di\u00f3xido de carbono \u00e9 muito est\u00e1vel; o \u00e1tomo de carbono n\u00e3o quer deixar esses dois oxig\u00eanios. Mas mediante um processo chamado fotoss\u00edntese, h\u00e1 uma enzima especial, conhecida pelo acr\u00f4nimo RuBisCO ou Ribulose-1,5-bisfosfato carboxilase oxigenase.<\/p>\n<div class=\"img-grid\">\n<div class=\"img-grid-inner\">\n<figure><picture><img decoding=\"async\" src=\"\/wp-content\/themes\/watv\/images\/posts\/source-of-life01.jpg\" alt=\"\" \/><\/picture><\/figure>\n<figure><picture><img decoding=\"async\" src=\"\/wp-content\/themes\/watv\/images\/posts\/source-of-life02.jpg\" alt=\"\" \/><\/picture><\/figure>\n<\/div>\n<\/div>\n<p>A fixa\u00e7\u00e3o do carbono parece simples, mas \u00e9 um processo muito complicado. Sem uma enzima, a fotoss\u00edntese n\u00e3o pode ocorrer. N\u00f3s nunca fomos capazes de demonstrar que podemos tomar o carbono e separ\u00e1-lo do di\u00f3xido de carbono, e depois us\u00e1-lo para fazer uma mol\u00e9cula org\u00e2nica. Nunca fomos capazes de demonstrar nenhum processo essencial da vida f\u00edsica.<\/p>\n<h2>Existe outra fonte de vida no universo?<\/h2>\n<p>Dizem que o homem \u00e9 o senhor de toda a cria\u00e7\u00e3o. Mas, na verdade, o homem \u00e9 um ser fraco que n\u00e3o pode criar algo novo. Ent\u00e3o, os cientistas que observaram o universo encontraram vida inteligente em algum lugar do universo? H\u00e1 outra fonte de vida no universo? Com toda a nossa observa\u00e7\u00e3o, n\u00e3o temos encontrado nada! Isto porque a fonte da vida n\u00e3o est\u00e1 l\u00e1.<\/p>\n<p>Devemos entender a verdadeira origem da vida. Esta \u00e9 a vontade de Deus.<\/p>\n<div class=\"img-grid\">\n<div class=\"img-grid-inner\">\n<figure><picture><img decoding=\"async\" src=\"\/wp-content\/themes\/watv\/images\/posts\/source-of-life03.jpg\" alt=\"\" \/><\/picture><\/figure>\n<figure><picture><img decoding=\"async\" src=\"\/wp-content\/themes\/watv\/images\/posts\/source-of-life04.jpg\" alt=\"\" \/><\/picture><\/figure>\n<\/div>\n<\/div>\n<h2>Os fatos cient\u00edficos surpreendentes registrados na B\u00edblia<\/h2>\n<p>H\u00e1 fatos cient\u00edficos por toda a B\u00edblia, que n\u00e3o podiam ser entendidos at\u00e9 mesmo no s\u00e9culo XX. A raz\u00e3o por que Deus deixou os fatos cient\u00edficos na B\u00edblia \u00e9 para nos permitir compreender que \u201ca B\u00edblia \u00e9 a palavra absoluta de Deus\u201d. A B\u00edblia est\u00e1 acima da ci\u00eancia; ela \u00e9 perfeita.<\/p>\n<p>Por exemplo, no livro de Eclesiastes, escrito no ano 950 a.C., h\u00e1 um vers\u00edculo no cap\u00edtulo 1 que diz:<\/p>\n<blockquote class=\"bible\"><p>O vento vai para o sul e faz o seu giro para o norte; volve-se, e revolve-se, na sua carreira, e retorna aos seus circuitos.<br \/>\n<small>Eclesiastes 1:6<\/small><\/p><\/blockquote>\n<p>Isto descreve perfeitamente a corrente de jato. A corrente de jato tem uma profunda influ\u00eancia no nosso clima. Mas era poss\u00edvel no tempo do rei Salom\u00e3o entender sobre a corrente de jato? Na verdade, foi imposs\u00edvel entender no fim do s\u00e9culo XX, quando t\u00ednhamos sat\u00e9lites e avi\u00f5es de alta altitude.<\/p>\n<p>E tamb\u00e9m, o livro de J\u00f3 diz que a Terra paira sobre o nada.<\/p>\n<blockquote class=\"bible\"><p>[\u2026] faz pairar a terra sobre o nada.<br \/>\n<small>J\u00f3 26:7<\/small><\/p><\/blockquote>\n<figure><picture><img decoding=\"async\" src=\"\/wp-content\/themes\/watv\/images\/posts\/source-of-life05.jpg\" alt=\"\" \/><\/picture><\/figure>\n<p>Hoje, at\u00e9 os estudantes do ensino fundamental sabem por fotografias de sat\u00e9lites que isto \u00e9 verdade. Mas, n\u00e3o se sabia at\u00e9 no s\u00e9culo XVI ou XVII quando Isaac Newton desenvolveu o ramo da matem\u00e1tica. Naquele tempo, ningu\u00e9m na Terra tinha uma concep\u00e7\u00e3o do universo.<\/p>\n<p>Naqueles dias, quando ningu\u00e9m tinha um conceito do universo, Deus j\u00e1 o fez conhecer e escreveu esses fatos na B\u00edblia. O que diz em J\u00f3 26?<\/p>\n<blockquote class=\"bible\"><p>Ele estende o norte sobre o vazio [\u2026]<br \/>\n<small>J\u00f3 26:7<\/small><\/p><\/blockquote>\n<p>Em 1981, os astr\u00f4nomos escreveram: \u201cDe acordo com a teoria do Big Bang, deveria ter muito mais estrelas no norte. N\u00e3o sabemos por que elas n\u00e3o est\u00e3o ali\u201d. Mas isso j\u00e1 foi escrito por Deus na B\u00edblia. Vejamos J\u00f3 28, tamb\u00e9m.<\/p>\n<blockquote class=\"bible\"><p>Da terra procede o p\u00e3o, mas embaixo \u00e9 revolvida como por fogo.<br \/>\n<small>J\u00f3 28:5<\/small><\/p><\/blockquote>\n<p>J\u00f3 n\u00e3o escreveu depois de uma viagem, dizendo: \u201cH\u00e1 uma montanha que expele cinza e fogo a cada 300 anos\u201d. J\u00f3 escreveu sobre a Terra, isto \u00e9, toda a Terra, e sabemos hoje em dia atrav\u00e9s da ci\u00eancia da Terra que isto \u00e9 exatamente verdade.<\/p>\n<h2>Onde podemos encontrar a fonte da vida?<\/h2>\n<p>A B\u00edblia \u00e9 verdadeira, cient\u00edfica, e a palavra absoluta de Deus. E ela nos faz conhecer a resposta que n\u00e3o pudemos encontrar no universo. Agora, temos encontrado a raz\u00e3o pela qual devemos buscar a fonte da vida na B\u00edblia.<\/p>\n<p>N\u00f3s devemos estudar a B\u00edblia. E \u00e9 claro, devemos orar de modo que possamos nos comunicar com Deus, e temos que olhar para o que tem sido criado.<\/p>\n<div class=\"img-grid img-odd limit\">\n<div class=\"img-grid-inner\">\n<figure><picture><img decoding=\"async\" src=\"\/wp-content\/themes\/watv\/images\/posts\/source-of-life06.jpg\" alt=\"\" \/><\/picture><\/figure>\n<figure><picture><img decoding=\"async\" src=\"\/wp-content\/themes\/watv\/images\/posts\/source-of-life07.jpg\" alt=\"\" \/><\/picture><\/figure>\n<figure><picture><img decoding=\"async\" src=\"\/wp-content\/themes\/watv\/images\/posts\/source-of-life08.jpg\" alt=\"\" \/><\/picture><\/figure>\n<\/div>\n<\/div>\n<p>H\u00e1 milh\u00f5es de esp\u00e9cies de vida na Terra que s\u00e3o dadas pelo g\u00eanero feminino, atrav\u00e9s de uma m\u00e3e. Qual ser\u00e1 a vontade de Deus ao fazer a vida ser recebida atrav\u00e9s da m\u00e3e?<\/p>\n<h2>A vida sem o amor da M\u00e3e \u00e9 insignificante<\/h2>\n<p>Eu fui aben\u00e7oado de receber muito conhecimento na ci\u00eancia, medicina, neg\u00f3cios, hist\u00f3ria e na vida. No entanto, o doutorado, a experi\u00eancia de ser um diretor executivo, e de toda a ci\u00eancia que eu tenho experimentado, nunca trouxeram o verdadeiro significado para a minha vida. O presente mais precioso que recebi foi compreender o amor da M\u00e3e celestial. A vida sem esse amor n\u00e3o tem sentido.<\/p>\n<figure><picture><img decoding=\"async\" src=\"\/wp-content\/themes\/watv\/images\/posts\/source-of-life09.jpg\" alt=\"\" \/><\/picture><\/figure>\n<p>No momento do nascimento, uma mulher se torna uma m\u00e3e. E um elo invis\u00edvel \u00e9 formado entre a m\u00e3e e o filho. Este elo n\u00e3o \u00e9 como nenhum outro. O amor de uma m\u00e3e \u00e9 paciente. O amor de uma m\u00e3e \u00e9 benigno e gentil. O amor de uma m\u00e3e ensina e anima. O amor de uma m\u00e3e n\u00e3o tem limites. O amor de uma m\u00e3e \u00e9 cheio de sacrif\u00edcio. O amor de uma m\u00e3e se deleita inclusive com o menor sinal de que seu filho est\u00e1 a seguindo.<\/p>\n<h2>A M\u00e3e, a verdadeira fonte da vida<\/h2>\n<p>A vida mais importante para n\u00f3s \u00e9 a vida do esp\u00edrito. A nossa M\u00e3e celestial \u00e9 a arca da alian\u00e7a, o Santo dos Santos. Ela \u00e9 a fonte da sabedoria e o maior amor no universo.<\/p>\n<p>Eu j\u00e1 tive orgulho de ser cientista pensando que aprendi muita coisa na minha vida. Mas na realidade, estava perdido em um mundo escuro de pecados e de morte. M\u00e3e, eu sou uma crian\u00e7a de novo, seu amado e fiel filho. Encontrei meu Pai. Ele \u00e9 o meu Salvador, Pai Cristo Ahnsahnghong. E agora conhe\u00e7o a minha M\u00e3e. Agora sei que existe a M\u00e3e celestial. Agora compreendo o seu amor. M\u00e3e, voc\u00ea \u00e9 o perfeito amor que \u00e9 o maior tesouro do universo. Voc\u00ea \u00e9 realmente a fonte da vida. Estou muito orgulhoso de ser chamado seu filho.<\/p>\n","protected":false},"excerpt":{"rendered":"<p>Muitas pessoas pensam: \u201cA fonte da vida deve estar no espa\u00e7o exterior, n\u00e3o na Terra\u201d. Mas n\u00e3o foi poss\u00edvel encontrar nenhuma fonte de vida no universo.<br \/>\nEnt\u00e3o, onde podemos encontrar a fonte da vida? Estudemos sobre isto detalhadamente atrav\u00e9s da ci\u00eancia e da B\u00edblia.<\/p>\n","protected":false},"author":12,"featured_media":541,"comment_status":"open","ping_status":"open","sticky":false,"template":"","format":"standard","meta":{"footnotes":""},"categories":[30],"tags":[],"class_list":["post-540","post","type-post","status-publish","format-standard","has-post-thumbnail","hentry","category-nao-categorizado"],"yoast_head":"<!-- This site is optimized with the Yoast SEO plugin v23.8 - https:\/\/yoast.com\/wordpress\/plugins\/seo\/ -->\n<title>A Fonte da Vida no Universo e a Nossa M\u00e3e Celestial - WATV \uad6d\uc81c\uc131\uacbd\uc138\ubbf8\ub098<\/title>\n<meta name=\"robots\" content=\"index, follow, max-snippet:-1, max-image-preview:large, max-video-preview:-1\" \/>\n<link rel=\"canonical\" href=\"https:\/\/watvseminar.org\/pt-br\/source-of-life\/\" \/>\n<meta property=\"og:locale\" content=\"pt_BR\" \/>\n<meta property=\"og:type\" content=\"article\" \/>\n<meta property=\"og:title\" content=\"A Fonte da Vida no Universo e a Nossa M\u00e3e Celestial - WATV \uad6d\uc81c\uc131\uacbd\uc138\ubbf8\ub098\" \/>\n<meta property=\"og:description\" content=\"Muitas pessoas pensam: \u201cA fonte da vida deve estar no espa\u00e7o exterior, n\u00e3o na Terra\u201d. Mas n\u00e3o foi poss\u00edvel encontrar nenhuma fonte de vida no universo. Ent\u00e3o, onde podemos encontrar a fonte da vida? Estudemos sobre isto detalhadamente atrav\u00e9s da ci\u00eancia e da B\u00edblia.\" \/>\n<meta property=\"og:url\" content=\"https:\/\/watvseminar.org\/pt-br\/source-of-life\/\" \/>\n<meta property=\"og:site_name\" content=\"WATV \uad6d\uc81c\uc131\uacbd\uc138\ubbf8\ub098\" \/>\n<meta property=\"article:published_time\" content=\"2022-01-06T06:16:26+00:00\" \/>\n<meta property=\"article:modified_time\" content=\"2023-06-30T04:37:21+00:00\" \/>\n<meta property=\"og:image\" content=\"https:\/\/watvseminar.org\/wp-content\/uploads\/2022\/01\/seminar-02.jpg\" \/>\n\t<meta property=\"og:image:width\" content=\"1920\" \/>\n\t<meta property=\"og:image:height\" content=\"1280\" \/>\n\t<meta property=\"og:image:type\" content=\"image\/jpeg\" \/>\n<meta name=\"author\" content=\"l ss\" \/>\n<meta name=\"twitter:card\" content=\"summary_large_image\" \/>\n<meta name=\"twitter:label1\" content=\"Written by\" \/>\n\t<meta name=\"twitter:data1\" content=\"l ss\" \/>\n\t<meta name=\"twitter:label2\" content=\"Est. reading time\" \/>\n\t<meta name=\"twitter:data2\" content=\"6 minutes\" \/>\n<script type=\"application\/ld+json\" class=\"yoast-schema-graph\">{\"@context\":\"https:\/\/schema.org\",\"@graph\":[{\"@type\":\"WebPage\",\"@id\":\"https:\/\/watvseminar.org\/pt-br\/source-of-life\/\",\"url\":\"https:\/\/watvseminar.org\/pt-br\/source-of-life\/\",\"name\":\"A Fonte da Vida no Universo e a Nossa M\u00e3e Celestial - WATV \uad6d\uc81c\uc131\uacbd\uc138\ubbf8\ub098\",\"isPartOf\":{\"@id\":\"https:\/\/watvseminar.org\/pt-br\/#website\"},\"primaryImageOfPage\":{\"@id\":\"https:\/\/watvseminar.org\/pt-br\/source-of-life\/#primaryimage\"},\"image\":{\"@id\":\"https:\/\/watvseminar.org\/pt-br\/source-of-life\/#primaryimage\"},\"thumbnailUrl\":\"https:\/\/watvseminar.org\/wp-content\/uploads\/2022\/01\/seminar-02.jpg\",\"datePublished\":\"2022-01-06T06:16:26+00:00\",\"dateModified\":\"2023-06-30T04:37:21+00:00\",\"author\":{\"@id\":\"https:\/\/watvseminar.org\/pt-br\/#\/schema\/person\/296062fb41acb3c5c3a11db4597a65ae\"},\"breadcrumb\":{\"@id\":\"https:\/\/watvseminar.org\/pt-br\/source-of-life\/#breadcrumb\"},\"inLanguage\":\"pt-BR\",\"potentialAction\":[{\"@type\":\"ReadAction\",\"target\":[\"https:\/\/watvseminar.org\/pt-br\/source-of-life\/\"]}]},{\"@type\":\"ImageObject\",\"inLanguage\":\"pt-BR\",\"@id\":\"https:\/\/watvseminar.org\/pt-br\/source-of-life\/#primaryimage\",\"url\":\"https:\/\/watvseminar.org\/wp-content\/uploads\/2022\/01\/seminar-02.jpg\",\"contentUrl\":\"https:\/\/watvseminar.org\/wp-content\/uploads\/2022\/01\/seminar-02.jpg\",\"width\":1920,\"height\":1280},{\"@type\":\"BreadcrumbList\",\"@id\":\"https:\/\/watvseminar.org\/pt-br\/source-of-life\/#breadcrumb\",\"itemListElement\":[{\"@type\":\"ListItem\",\"position\":1,\"name\":\"\ud648\",\"item\":\"https:\/\/watvseminar.org\/pt-br\/\"},{\"@type\":\"ListItem\",\"position\":2,\"name\":\"A Fonte da Vida no Universo e a Nossa M\u00e3e Celestial\"}]},{\"@type\":\"WebSite\",\"@id\":\"https:\/\/watvseminar.org\/pt-br\/#website\",\"url\":\"https:\/\/watvseminar.org\/pt-br\/\",\"name\":\"WATV \uad6d\uc81c\uc131\uacbd\uc138\ubbf8\ub098\",\"description\":\"\",\"potentialAction\":[{\"@type\":\"SearchAction\",\"target\":{\"@type\":\"EntryPoint\",\"urlTemplate\":\"https:\/\/watvseminar.org\/pt-br\/?s={search_term_string}\"},\"query-input\":{\"@type\":\"PropertyValueSpecification\",\"valueRequired\":true,\"valueName\":\"search_term_string\"}}],\"inLanguage\":\"pt-BR\"},{\"@type\":\"Person\",\"@id\":\"https:\/\/watvseminar.org\/pt-br\/#\/schema\/person\/296062fb41acb3c5c3a11db4597a65ae\",\"name\":\"l ss\",\"image\":{\"@type\":\"ImageObject\",\"inLanguage\":\"pt-BR\",\"@id\":\"https:\/\/watvseminar.org\/pt-br\/#\/schema\/person\/image\/\",\"url\":\"https:\/\/secure.gravatar.com\/avatar\/65efcca43ae8699de48f3a8040d28d62?s=96&d=mm&r=g\",\"contentUrl\":\"https:\/\/secure.gravatar.com\/avatar\/65efcca43ae8699de48f3a8040d28d62?s=96&d=mm&r=g\",\"caption\":\"l ss\"},\"url\":\"https:\/\/watvseminar.org\/pt-br\/author\/kennethwat\/\"}]}<\/script>\n<!-- \/ Yoast SEO plugin. -->","yoast_head_json":{"title":"A Fonte da Vida no Universo e a Nossa M\u00e3e Celestial - WATV \uad6d\uc81c\uc131\uacbd\uc138\ubbf8\ub098","robots":{"index":"index","follow":"follow","max-snippet":"max-snippet:-1","max-image-preview":"max-image-preview:large","max-video-preview":"max-video-preview:-1"},"canonical":"https:\/\/watvseminar.org\/pt-br\/source-of-life\/","og_locale":"pt_BR","og_type":"article","og_title":"A Fonte da Vida no Universo e a Nossa M\u00e3e Celestial - WATV \uad6d\uc81c\uc131\uacbd\uc138\ubbf8\ub098","og_description":"Muitas pessoas pensam: \u201cA fonte da vida deve estar no espa\u00e7o exterior, n\u00e3o na Terra\u201d. Mas n\u00e3o foi poss\u00edvel encontrar nenhuma fonte de vida no universo. Ent\u00e3o, onde podemos encontrar a fonte da vida? Estudemos sobre isto detalhadamente atrav\u00e9s da ci\u00eancia e da B\u00edblia.","og_url":"https:\/\/watvseminar.org\/pt-br\/source-of-life\/","og_site_name":"WATV \uad6d\uc81c\uc131\uacbd\uc138\ubbf8\ub098","article_published_time":"2022-01-06T06:16:26+00:00","article_modified_time":"2023-06-30T04:37:21+00:00","og_image":[{"width":1920,"height":1280,"url":"https:\/\/watvseminar.org\/wp-content\/uploads\/2022\/01\/seminar-02.jpg","type":"image\/jpeg"}],"author":"l ss","twitter_card":"summary_large_image","twitter_misc":{"Written by":"l ss","Est. reading time":"6 minutes"},"schema":{"@context":"https:\/\/schema.org","@graph":[{"@type":"WebPage","@id":"https:\/\/watvseminar.org\/pt-br\/source-of-life\/","url":"https:\/\/watvseminar.org\/pt-br\/source-of-life\/","name":"A Fonte da Vida no Universo e a Nossa M\u00e3e Celestial - WATV \uad6d\uc81c\uc131\uacbd\uc138\ubbf8\ub098","isPartOf":{"@id":"https:\/\/watvseminar.org\/pt-br\/#website"},"primaryImageOfPage":{"@id":"https:\/\/watvseminar.org\/pt-br\/source-of-life\/#primaryimage"},"image":{"@id":"https:\/\/watvseminar.org\/pt-br\/source-of-life\/#primaryimage"},"thumbnailUrl":"https:\/\/watvseminar.org\/wp-content\/uploads\/2022\/01\/seminar-02.jpg","datePublished":"2022-01-06T06:16:26+00:00","dateModified":"2023-06-30T04:37:21+00:00","author":{"@id":"https:\/\/watvseminar.org\/pt-br\/#\/schema\/person\/296062fb41acb3c5c3a11db4597a65ae"},"breadcrumb":{"@id":"https:\/\/watvseminar.org\/pt-br\/source-of-life\/#breadcrumb"},"inLanguage":"pt-BR","potentialAction":[{"@type":"ReadAction","target":["https:\/\/watvseminar.org\/pt-br\/source-of-life\/"]}]},{"@type":"ImageObject","inLanguage":"pt-BR","@id":"https:\/\/watvseminar.org\/pt-br\/source-of-life\/#primaryimage","url":"https:\/\/watvseminar.org\/wp-content\/uploads\/2022\/01\/seminar-02.jpg","contentUrl":"https:\/\/watvseminar.org\/wp-content\/uploads\/2022\/01\/seminar-02.jpg","width":1920,"height":1280},{"@type":"BreadcrumbList","@id":"https:\/\/watvseminar.org\/pt-br\/source-of-life\/#breadcrumb","itemListElement":[{"@type":"ListItem","position":1,"name":"\ud648","item":"https:\/\/watvseminar.org\/pt-br\/"},{"@type":"ListItem","position":2,"name":"A Fonte da Vida no Universo e a Nossa M\u00e3e Celestial"}]},{"@type":"WebSite","@id":"https:\/\/watvseminar.org\/pt-br\/#website","url":"https:\/\/watvseminar.org\/pt-br\/","name":"WATV \uad6d\uc81c\uc131\uacbd\uc138\ubbf8\ub098","description":"","potentialAction":[{"@type":"SearchAction","target":{"@type":"EntryPoint","urlTemplate":"https:\/\/watvseminar.org\/pt-br\/?s={search_term_string}"},"query-input":{"@type":"PropertyValueSpecification","valueRequired":true,"valueName":"search_term_string"}}],"inLanguage":"pt-BR"},{"@type":"Person","@id":"https:\/\/watvseminar.org\/pt-br\/#\/schema\/person\/296062fb41acb3c5c3a11db4597a65ae","name":"l ss","image":{"@type":"ImageObject","inLanguage":"pt-BR","@id":"https:\/\/watvseminar.org\/pt-br\/#\/schema\/person\/image\/","url":"https:\/\/secure.gravatar.com\/avatar\/65efcca43ae8699de48f3a8040d28d62?s=96&d=mm&r=g","contentUrl":"https:\/\/secure.gravatar.com\/avatar\/65efcca43ae8699de48f3a8040d28d62?s=96&d=mm&r=g","caption":"l ss"},"url":"https:\/\/watvseminar.org\/pt-br\/author\/kennethwat\/"}]}},"fimg_url":"https:\/\/watvseminar.org\/wp-content\/uploads\/2022\/01\/seminar-02.jpg","featured_image_url":"https:\/\/watvseminar.org\/wp-content\/uploads\/2022\/01\/seminar-02.jpg","_links":{"self":[{"href":"https:\/\/watvseminar.org\/pt-br\/wp-json\/wp\/v2\/posts\/540","targetHints":{"allow":["GET"]}}],"collection":[{"href":"https:\/\/watvseminar.org\/pt-br\/wp-json\/wp\/v2\/posts"}],"about":[{"href":"https:\/\/watvseminar.org\/pt-br\/wp-json\/wp\/v2\/types\/post"}],"author":[{"embeddable":true,"href":"https:\/\/watvseminar.org\/pt-br\/wp-json\/wp\/v2\/users\/12"}],"replies":[{"embeddable":true,"href":"https:\/\/watvseminar.org\/pt-br\/wp-json\/wp\/v2\/comments?post=540"}],"version-history":[{"count":6,"href":"https:\/\/watvseminar.org\/pt-br\/wp-json\/wp\/v2\/posts\/540\/revisions"}],"predecessor-version":[{"id":1034,"href":"https:\/\/watvseminar.org\/pt-br\/wp-json\/wp\/v2\/posts\/540\/revisions\/1034"}],"wp:featuredmedia":[{"embeddable":true,"href":"https:\/\/watvseminar.org\/pt-br\/wp-json\/wp\/v2\/media\/541"}],"wp:attachment":[{"href":"https:\/\/watvseminar.org\/pt-br\/wp-json\/wp\/v2\/media?parent=540"}],"wp:term":[{"taxonomy":"category","embeddable":true,"href":"https:\/\/watvseminar.org\/pt-br\/wp-json\/wp\/v2\/categories?post=540"},{"taxonomy":"post_tag","embeddable":true,"href":"https:\/\/watvseminar.org\/pt-br\/wp-json\/wp\/v2\/tags?post=540"}],"curies":[{"name":"wp","href":"https:\/\/api.w.org\/{rel}","templated":true}]}}